{"id":1171,"date":"2021-07-02T13:58:45","date_gmt":"2021-07-02T13:58:45","guid":{"rendered":"https:\/\/www.jacekjurkiewicz.pl\/?p=1171"},"modified":"2022-04-20T14:09:57","modified_gmt":"2022-04-20T14:09:57","slug":"strefa-platnego-parkowania","status":"publish","type":"post","link":"https:\/\/www.jacekjurkiewicz.pl\/index.php\/2021\/07\/02\/strefa-platnego-parkowania\/","title":{"rendered":"Strefa P\u0142atnego Parkowania"},"content":{"rendered":"\t\t<div data-elementor-type=\"wp-post\" data-elementor-id=\"1171\" class=\"elementor elementor-1171\" data-elementor-post-type=\"post\">\n\t\t\t\t\t\t<section class=\"elementor-section elementor-top-section elementor-element elementor-element-6da05f0 elementor-section-boxed elementor-section-height-default elementor-section-height-default\" data-id=\"6da05f0\" data-element_type=\"section\" data-e-type=\"section\">\n\t\t\t\t\t\t<div class=\"elementor-container elementor-column-gap-default\">\n\t\t\t\t\t<div class=\"elementor-column elementor-col-100 elementor-top-column elementor-element elementor-element-e73d7c5\" data-id=\"e73d7c5\" data-element_type=\"column\" data-e-type=\"column\">\n\t\t\t<div class=\"elementor-widget-wrap elementor-element-populated\">\n\t\t\t\t\t\t<div class=\"elementor-element elementor-element-0827998 elementor-widget elementor-widget-image\" data-id=\"0827998\" data-element_type=\"widget\" data-e-type=\"widget\" data-widget_type=\"image.default\">\n\t\t\t\t<div class=\"elementor-widget-container\">\n\t\t\t\t\t\t\t\t\t\t\t\t\t\t\t<img fetchpriority=\"high\" decoding=\"async\" width=\"768\" height=\"575\" src=\"https:\/\/www.jacekjurkiewicz.pl\/wp-content\/uploads\/2021\/07\/156729234_779428829362828_4074278960239287138_n-768x575.jpg\" class=\"attachment-medium_large size-medium_large wp-image-1173\" alt=\"\" srcset=\"https:\/\/www.jacekjurkiewicz.pl\/wp-content\/uploads\/2021\/07\/156729234_779428829362828_4074278960239287138_n-768x575.jpg 768w, https:\/\/www.jacekjurkiewicz.pl\/wp-content\/uploads\/2021\/07\/156729234_779428829362828_4074278960239287138_n-300x224.jpg 300w, https:\/\/www.jacekjurkiewicz.pl\/wp-content\/uploads\/2021\/07\/156729234_779428829362828_4074278960239287138_n-1024x766.jpg 1024w, https:\/\/www.jacekjurkiewicz.pl\/wp-content\/uploads\/2021\/07\/156729234_779428829362828_4074278960239287138_n-1536x1149.jpg 1536w, https:\/\/www.jacekjurkiewicz.pl\/wp-content\/uploads\/2021\/07\/156729234_779428829362828_4074278960239287138_n.jpg 1740w\" sizes=\"(max-width: 768px) 100vw, 768px\" \/>\t\t\t\t\t\t\t\t\t\t\t\t\t\t\t<\/div>\n\t\t\t\t<\/div>\n\t\t\t\t<div class=\"elementor-element elementor-element-dc4d52a elementor-widget elementor-widget-text-editor\" data-id=\"dc4d52a\" data-element_type=\"widget\" data-e-type=\"widget\" data-widget_type=\"text-editor.default\">\n\t\t\t\t<div class=\"elementor-widget-container\">\n\t\t\t\t\t\t\t\t\t<p>Od wczoraj w mie\u015bcie dzia\u0142a Ca\u0142oroczna Strefa P\u0142atnego Parkowania, kt\u00f3rej do tej pory \u015awinouj\u015bcie jako jedno z niewielu miast\u00a0 tej wielko\u015bci nie posiada\u0142o.<\/p><p>Rada Miasta zdecydowan\u0105 wi\u0119kszo\u015bci\u0105 przyj\u0119\u0142a uchwa\u0142\u0119 wprowadzaj\u0105c\u0105 SPP rozszerzon\u0105 o \u015bcis\u0142e centrum miasta, coraz wi\u0119ksze nat\u0119\u017cenie ruchu sprawia \u017ce istnieje spory k\u0142opot w parkowaniu pojazd\u00f3w a ca\u0142oroczna strefa\u00a0 p\u0142atnego parkowania wymusi rotacj\u0119 a finalnie\u00a0 usprawni ich parkowanie.\u00a0<\/p><p>\u00a0Rozszerzenie SPP o obszar \u015br\u00f3dmie\u015bcia, prze\u0142o\u017cy si\u0119 na lepsz\u0105 jako\u015b\u0107 \u017cycia w mie\u015bcie. Op\u0142aty spowoduj\u0105 rotacj\u0119 miejsc parkingowych\u00a0 co przy ograniczonej ich\u00a0 ilo\u015bci\u00a0 \u00a0jest nie do przecenienia. Nie bez znaczenia dla naszego miasta kt\u00f3re ma status Uzdrowiska jest ograniczenie decybeli\u00a0 i ilo\u015bci spalin przez pojazdy\u00a0 poszukuj\u0105ce\u00a0 i tak ograniczonej ju\u017c ilo\u015bci miejsc postojowych. My\u015bl\u0119 \u017ce du\u017c\u0105 rol\u0119 do odegrania ma tu\u00a0 komunikacja miejska kt\u00f3ra powinna przej\u0105\u0107 wi\u0119ksz\u0105 ilo\u015b\u0107 pasa\u017cer\u00f3w. Wg szacunk\u00f3w SPP obj\u0119tych zosta\u0142o 1250 miejsc\u00a0 w tym 562 w centrum miasta a 688 w dzielnicy nadmorskiej. Jak i czy\u00a0 zmieni si\u0119 sytuacja z parkowaniem, najbli\u017cszy czas poka\u017ce.<\/p>\t\t\t\t\t\t\t\t<\/div>\n\t\t\t\t<\/div>\n\t\t\t\t\t<\/div>\n\t\t<\/div>\n\t\t\t\t\t<\/div>\n\t\t<\/section>\n\t\t\t\t<section class=\"elementor-section elementor-top-section elementor-element elementor-element-6678a30 elementor-section-boxed elementor-section-height-default elementor-section-height-default\" data-id=\"6678a30\" data-element_type=\"section\" data-e-type=\"section\">\n\t\t\t\t\t\t<div class=\"elementor-container elementor-column-gap-default\">\n\t\t\t\t\t<div class=\"elementor-column elementor-col-100 elementor-top-column elementor-element elementor-element-a89f683\" data-id=\"a89f683\" data-element_type=\"column\" data-e-type=\"column\">\n\t\t\t<div class=\"elementor-widget-wrap\">\n\t\t\t\t\t\t\t<\/div>\n\t\t<\/div>\n\t\t\t\t\t<\/div>\n\t\t<\/section>\n\t\t\t\t<\/div>\n\t\t","protected":false},"excerpt":{"rendered":"<p>Od wczoraj w mie\u015bcie dzia\u0142a Ca\u0142oroczna Strefa P\u0142atnego Parkowania, kt\u00f3rej do tej pory \u015awinouj\u015bcie jako jedno z niewielu miast\u00a0 tej wielko\u015bci nie posiada\u0142o. Rada Miasta zdecydowan\u0105 wi\u0119kszo\u015bci\u0105 przyj\u0119\u0142a uchwa\u0142\u0119 wprowadzaj\u0105c\u0105 SPP rozszerzon\u0105 o \u015bcis\u0142e centrum miasta, coraz wi\u0119ksze nat\u0119\u017cenie ruchu sprawia \u017ce istnieje spory k\u0142opot w parkowaniu pojazd\u00f3w a ca\u0142oroczna strefa\u00a0 p\u0142atnego parkowania wymusi rotacj\u0119&hellip;&nbsp;<a href=\"https:\/\/www.jacekjurkiewicz.pl\/index.php\/2021\/07\/02\/strefa-platnego-parkowania\/\" rel=\"bookmark\">Dowiedz si\u0119 wi\u0119cej &raquo;<span class=\"screen-reader-text\">Strefa P\u0142atnego Parkowania<\/span><\/a><\/p>\n","protected":false},"author":2,"featured_media":0,"comment_status":"closed","ping_status":"open","sticky":false,"template":"","format":"standard","meta":{"neve_meta_sidebar":"","neve_meta_container":"","neve_meta_enable_content_width":"","neve_meta_content_width":0,"neve_meta_title_alignment":"","neve_meta_author_avatar":"","neve_post_elements_order":"","neve_meta_disable_header":"","neve_meta_disable_footer":"","neve_meta_disable_title":"","footnotes":""},"categories":[16],"tags":[],"class_list":["post-1171","post","type-post","status-publish","format-standard","hentry","category-aktualnosci"],"yoast_head":"<!-- This site is optimized with the Yoast SEO plugin v27.3 - https:\/\/yoast.com\/product\/yoast-seo-wordpress\/ -->\n<title>Strefa P\u0142atnego Parkowania -<\/title>\n<meta name=\"robots\" content=\"index, follow, max-snippet:-1, max-image-preview:large, max-video-preview:-1\" \/>\n<link rel=\"canonical\" href=\"https:\/\/www.jacekjurkiewicz.pl\/index.php\/2021\/07\/02\/strefa-platnego-parkowania\/\" \/>\n<meta property=\"og:locale\" content=\"pl_PL\" \/>\n<meta property=\"og:type\" content=\"article\" \/>\n<meta property=\"og:title\" content=\"Strefa P\u0142atnego Parkowania -\" \/>\n<meta property=\"og:description\" content=\"Od wczoraj w mie\u015bcie dzia\u0142a Ca\u0142oroczna Strefa P\u0142atnego Parkowania, kt\u00f3rej do tej pory \u015awinouj\u015bcie jako jedno z niewielu miast\u00a0 tej wielko\u015bci nie posiada\u0142o. Rada Miasta zdecydowan\u0105 wi\u0119kszo\u015bci\u0105 przyj\u0119\u0142a uchwa\u0142\u0119 wprowadzaj\u0105c\u0105 SPP rozszerzon\u0105 o \u015bcis\u0142e centrum miasta, coraz wi\u0119ksze nat\u0119\u017cenie ruchu sprawia \u017ce istnieje spory k\u0142opot w parkowaniu pojazd\u00f3w a ca\u0142oroczna strefa\u00a0 p\u0142atnego parkowania wymusi rotacj\u0119&hellip;&nbsp;Dowiedz si\u0119 wi\u0119cej &raquo;Strefa P\u0142atnego Parkowania\" \/>\n<meta property=\"og:url\" content=\"https:\/\/www.jacekjurkiewicz.pl\/index.php\/2021\/07\/02\/strefa-platnego-parkowania\/\" \/>\n<meta property=\"article:published_time\" content=\"2021-07-02T13:58:45+00:00\" \/>\n<meta property=\"article:modified_time\" content=\"2022-04-20T14:09:57+00:00\" \/>\n<meta property=\"og:image\" content=\"https:\/\/www.jacekjurkiewicz.pl\/wp-content\/uploads\/2021\/07\/156729234_779428829362828_4074278960239287138_n-768x575.jpg\" \/>\n<meta name=\"author\" content=\"Jacek\" \/>\n<meta name=\"twitter:card\" content=\"summary_large_image\" \/>\n<meta name=\"twitter:label1\" content=\"Napisane przez\" \/>\n\t<meta name=\"twitter:data1\" content=\"Jacek\" \/>\n\t<meta name=\"twitter:label2\" content=\"Szacowany czas czytania\" \/>\n\t<meta name=\"twitter:data2\" content=\"1 minuta\" \/>\n<script type=\"application\/ld+json\" class=\"yoast-schema-graph\">{\"@context\":\"https:\\\/\\\/schema.org\",\"@graph\":[{\"@type\":\"Article\",\"@id\":\"https:\\\/\\\/www.jacekjurkiewicz.pl\\\/index.php\\\/2021\\\/07\\\/02\\\/strefa-platnego-parkowania\\\/#article\",\"isPartOf\":{\"@id\":\"https:\\\/\\\/www.jacekjurkiewicz.pl\\\/index.php\\\/2021\\\/07\\\/02\\\/strefa-platnego-parkowania\\\/\"},\"author\":{\"name\":\"Jacek\",\"@id\":\"https:\\\/\\\/www.jacekjurkiewicz.pl\\\/#\\\/schema\\\/person\\\/ac43e064d9355d0e1b4fbd3c23f5e2d3\"},\"headline\":\"Strefa P\u0142atnego Parkowania\",\"datePublished\":\"2021-07-02T13:58:45+00:00\",\"dateModified\":\"2022-04-20T14:09:57+00:00\",\"mainEntityOfPage\":{\"@id\":\"https:\\\/\\\/www.jacekjurkiewicz.pl\\\/index.php\\\/2021\\\/07\\\/02\\\/strefa-platnego-parkowania\\\/\"},\"wordCount\":199,\"image\":{\"@id\":\"https:\\\/\\\/www.jacekjurkiewicz.pl\\\/index.php\\\/2021\\\/07\\\/02\\\/strefa-platnego-parkowania\\\/#primaryimage\"},\"thumbnailUrl\":\"https:\\\/\\\/www.jacekjurkiewicz.pl\\\/wp-content\\\/uploads\\\/2021\\\/07\\\/156729234_779428829362828_4074278960239287138_n-768x575.jpg\",\"articleSection\":[\"aktualno\u015bci\"],\"inLanguage\":\"pl-PL\"},{\"@type\":\"WebPage\",\"@id\":\"https:\\\/\\\/www.jacekjurkiewicz.pl\\\/index.php\\\/2021\\\/07\\\/02\\\/strefa-platnego-parkowania\\\/\",\"url\":\"https:\\\/\\\/www.jacekjurkiewicz.pl\\\/index.php\\\/2021\\\/07\\\/02\\\/strefa-platnego-parkowania\\\/\",\"name\":\"Strefa P\u0142atnego Parkowania -\",\"isPartOf\":{\"@id\":\"https:\\\/\\\/www.jacekjurkiewicz.pl\\\/#website\"},\"primaryImageOfPage\":{\"@id\":\"https:\\\/\\\/www.jacekjurkiewicz.pl\\\/index.php\\\/2021\\\/07\\\/02\\\/strefa-platnego-parkowania\\\/#primaryimage\"},\"image\":{\"@id\":\"https:\\\/\\\/www.jacekjurkiewicz.pl\\\/index.php\\\/2021\\\/07\\\/02\\\/strefa-platnego-parkowania\\\/#primaryimage\"},\"thumbnailUrl\":\"https:\\\/\\\/www.jacekjurkiewicz.pl\\\/wp-content\\\/uploads\\\/2021\\\/07\\\/156729234_779428829362828_4074278960239287138_n-768x575.jpg\",\"datePublished\":\"2021-07-02T13:58:45+00:00\",\"dateModified\":\"2022-04-20T14:09:57+00:00\",\"author\":{\"@id\":\"https:\\\/\\\/www.jacekjurkiewicz.pl\\\/#\\\/schema\\\/person\\\/ac43e064d9355d0e1b4fbd3c23f5e2d3\"},\"breadcrumb\":{\"@id\":\"https:\\\/\\\/www.jacekjurkiewicz.pl\\\/index.php\\\/2021\\\/07\\\/02\\\/strefa-platnego-parkowania\\\/#breadcrumb\"},\"inLanguage\":\"pl-PL\",\"potentialAction\":[{\"@type\":\"ReadAction\",\"target\":[\"https:\\\/\\\/www.jacekjurkiewicz.pl\\\/index.php\\\/2021\\\/07\\\/02\\\/strefa-platnego-parkowania\\\/\"]}]},{\"@type\":\"ImageObject\",\"inLanguage\":\"pl-PL\",\"@id\":\"https:\\\/\\\/www.jacekjurkiewicz.pl\\\/index.php\\\/2021\\\/07\\\/02\\\/strefa-platnego-parkowania\\\/#primaryimage\",\"url\":\"https:\\\/\\\/www.jacekjurkiewicz.pl\\\/wp-content\\\/uploads\\\/2021\\\/07\\\/156729234_779428829362828_4074278960239287138_n.jpg\",\"contentUrl\":\"https:\\\/\\\/www.jacekjurkiewicz.pl\\\/wp-content\\\/uploads\\\/2021\\\/07\\\/156729234_779428829362828_4074278960239287138_n.jpg\",\"width\":1740,\"height\":1302},{\"@type\":\"BreadcrumbList\",\"@id\":\"https:\\\/\\\/www.jacekjurkiewicz.pl\\\/index.php\\\/2021\\\/07\\\/02\\\/strefa-platnego-parkowania\\\/#breadcrumb\",\"itemListElement\":[{\"@type\":\"ListItem\",\"position\":1,\"name\":\"Strona g\u0142\u00f3wna\",\"item\":\"https:\\\/\\\/www.jacekjurkiewicz.pl\\\/\"},{\"@type\":\"ListItem\",\"position\":2,\"name\":\"Strefa P\u0142atnego Parkowania\"}]},{\"@type\":\"WebSite\",\"@id\":\"https:\\\/\\\/www.jacekjurkiewicz.pl\\\/#website\",\"url\":\"https:\\\/\\\/www.jacekjurkiewicz.pl\\\/\",\"name\":\"\",\"description\":\"\",\"potentialAction\":[{\"@type\":\"SearchAction\",\"target\":{\"@type\":\"EntryPoint\",\"urlTemplate\":\"https:\\\/\\\/www.jacekjurkiewicz.pl\\\/?s={search_term_string}\"},\"query-input\":{\"@type\":\"PropertyValueSpecification\",\"valueRequired\":true,\"valueName\":\"search_term_string\"}}],\"inLanguage\":\"pl-PL\"},{\"@type\":\"Person\",\"@id\":\"https:\\\/\\\/www.jacekjurkiewicz.pl\\\/#\\\/schema\\\/person\\\/ac43e064d9355d0e1b4fbd3c23f5e2d3\",\"name\":\"Jacek\",\"image\":{\"@type\":\"ImageObject\",\"inLanguage\":\"pl-PL\",\"@id\":\"https:\\\/\\\/secure.gravatar.com\\\/avatar\\\/72c8c154e7295aac576e816190fd309f744ee342c793cb33e5ae05b593ed69ef?s=96&d=mm&r=g\",\"url\":\"https:\\\/\\\/secure.gravatar.com\\\/avatar\\\/72c8c154e7295aac576e816190fd309f744ee342c793cb33e5ae05b593ed69ef?s=96&d=mm&r=g\",\"contentUrl\":\"https:\\\/\\\/secure.gravatar.com\\\/avatar\\\/72c8c154e7295aac576e816190fd309f744ee342c793cb33e5ae05b593ed69ef?s=96&d=mm&r=g\",\"caption\":\"Jacek\"},\"url\":\"https:\\\/\\\/www.jacekjurkiewicz.pl\\\/index.php\\\/author\\\/jacek\\\/\"}]}<\/script>\n<!-- \/ Yoast SEO plugin. -->","yoast_head_json":{"title":"Strefa P\u0142atnego Parkowania -","robots":{"index":"index","follow":"follow","max-snippet":"max-snippet:-1","max-image-preview":"max-image-preview:large","max-video-preview":"max-video-preview:-1"},"canonical":"https:\/\/www.jacekjurkiewicz.pl\/index.php\/2021\/07\/02\/strefa-platnego-parkowania\/","og_locale":"pl_PL","og_type":"article","og_title":"Strefa P\u0142atnego Parkowania -","og_description":"Od wczoraj w mie\u015bcie dzia\u0142a Ca\u0142oroczna Strefa P\u0142atnego Parkowania, kt\u00f3rej do tej pory \u015awinouj\u015bcie jako jedno z niewielu miast\u00a0 tej wielko\u015bci nie posiada\u0142o. Rada Miasta zdecydowan\u0105 wi\u0119kszo\u015bci\u0105 przyj\u0119\u0142a uchwa\u0142\u0119 wprowadzaj\u0105c\u0105 SPP rozszerzon\u0105 o \u015bcis\u0142e centrum miasta, coraz wi\u0119ksze nat\u0119\u017cenie ruchu sprawia \u017ce istnieje spory k\u0142opot w parkowaniu pojazd\u00f3w a ca\u0142oroczna strefa\u00a0 p\u0142atnego parkowania wymusi rotacj\u0119&hellip;&nbsp;Dowiedz si\u0119 wi\u0119cej &raquo;Strefa P\u0142atnego Parkowania","og_url":"https:\/\/www.jacekjurkiewicz.pl\/index.php\/2021\/07\/02\/strefa-platnego-parkowania\/","article_published_time":"2021-07-02T13:58:45+00:00","article_modified_time":"2022-04-20T14:09:57+00:00","og_image":[{"url":"https:\/\/www.jacekjurkiewicz.pl\/wp-content\/uploads\/2021\/07\/156729234_779428829362828_4074278960239287138_n-768x575.jpg","type":"","width":"","height":""}],"author":"Jacek","twitter_card":"summary_large_image","twitter_misc":{"Napisane przez":"Jacek","Szacowany czas czytania":"1 minuta"},"schema":{"@context":"https:\/\/schema.org","@graph":[{"@type":"Article","@id":"https:\/\/www.jacekjurkiewicz.pl\/index.php\/2021\/07\/02\/strefa-platnego-parkowania\/#article","isPartOf":{"@id":"https:\/\/www.jacekjurkiewicz.pl\/index.php\/2021\/07\/02\/strefa-platnego-parkowania\/"},"author":{"name":"Jacek","@id":"https:\/\/www.jacekjurkiewicz.pl\/#\/schema\/person\/ac43e064d9355d0e1b4fbd3c23f5e2d3"},"headline":"Strefa P\u0142atnego Parkowania","datePublished":"2021-07-02T13:58:45+00:00","dateModified":"2022-04-20T14:09:57+00:00","mainEntityOfPage":{"@id":"https:\/\/www.jacekjurkiewicz.pl\/index.php\/2021\/07\/02\/strefa-platnego-parkowania\/"},"wordCount":199,"image":{"@id":"https:\/\/www.jacekjurkiewicz.pl\/index.php\/2021\/07\/02\/strefa-platnego-parkowania\/#primaryimage"},"thumbnailUrl":"https:\/\/www.jacekjurkiewicz.pl\/wp-content\/uploads\/2021\/07\/156729234_779428829362828_4074278960239287138_n-768x575.jpg","articleSection":["aktualno\u015bci"],"inLanguage":"pl-PL"},{"@type":"WebPage","@id":"https:\/\/www.jacekjurkiewicz.pl\/index.php\/2021\/07\/02\/strefa-platnego-parkowania\/","url":"https:\/\/www.jacekjurkiewicz.pl\/index.php\/2021\/07\/02\/strefa-platnego-parkowania\/","name":"Strefa P\u0142atnego Parkowania -","isPartOf":{"@id":"https:\/\/www.jacekjurkiewicz.pl\/#website"},"primaryImageOfPage":{"@id":"https:\/\/www.jacekjurkiewicz.pl\/index.php\/2021\/07\/02\/strefa-platnego-parkowania\/#primaryimage"},"image":{"@id":"https:\/\/www.jacekjurkiewicz.pl\/index.php\/2021\/07\/02\/strefa-platnego-parkowania\/#primaryimage"},"thumbnailUrl":"https:\/\/www.jacekjurkiewicz.pl\/wp-content\/uploads\/2021\/07\/156729234_779428829362828_4074278960239287138_n-768x575.jpg","datePublished":"2021-07-02T13:58:45+00:00","dateModified":"2022-04-20T14:09:57+00:00","author":{"@id":"https:\/\/www.jacekjurkiewicz.pl\/#\/schema\/person\/ac43e064d9355d0e1b4fbd3c23f5e2d3"},"breadcrumb":{"@id":"https:\/\/www.jacekjurkiewicz.pl\/index.php\/2021\/07\/02\/strefa-platnego-parkowania\/#breadcrumb"},"inLanguage":"pl-PL","potentialAction":[{"@type":"ReadAction","target":["https:\/\/www.jacekjurkiewicz.pl\/index.php\/2021\/07\/02\/strefa-platnego-parkowania\/"]}]},{"@type":"ImageObject","inLanguage":"pl-PL","@id":"https:\/\/www.jacekjurkiewicz.pl\/index.php\/2021\/07\/02\/strefa-platnego-parkowania\/#primaryimage","url":"https:\/\/www.jacekjurkiewicz.pl\/wp-content\/uploads\/2021\/07\/156729234_779428829362828_4074278960239287138_n.jpg","contentUrl":"https:\/\/www.jacekjurkiewicz.pl\/wp-content\/uploads\/2021\/07\/156729234_779428829362828_4074278960239287138_n.jpg","width":1740,"height":1302},{"@type":"BreadcrumbList","@id":"https:\/\/www.jacekjurkiewicz.pl\/index.php\/2021\/07\/02\/strefa-platnego-parkowania\/#breadcrumb","itemListElement":[{"@type":"ListItem","position":1,"name":"Strona g\u0142\u00f3wna","item":"https:\/\/www.jacekjurkiewicz.pl\/"},{"@type":"ListItem","position":2,"name":"Strefa P\u0142atnego Parkowania"}]},{"@type":"WebSite","@id":"https:\/\/www.jacekjurkiewicz.pl\/#website","url":"https:\/\/www.jacekjurkiewicz.pl\/","name":"","description":"","potentialAction":[{"@type":"SearchAction","target":{"@type":"EntryPoint","urlTemplate":"https:\/\/www.jacekjurkiewicz.pl\/?s={search_term_string}"},"query-input":{"@type":"PropertyValueSpecification","valueRequired":true,"valueName":"search_term_string"}}],"inLanguage":"pl-PL"},{"@type":"Person","@id":"https:\/\/www.jacekjurkiewicz.pl\/#\/schema\/person\/ac43e064d9355d0e1b4fbd3c23f5e2d3","name":"Jacek","image":{"@type":"ImageObject","inLanguage":"pl-PL","@id":"https:\/\/secure.gravatar.com\/avatar\/72c8c154e7295aac576e816190fd309f744ee342c793cb33e5ae05b593ed69ef?s=96&d=mm&r=g","url":"https:\/\/secure.gravatar.com\/avatar\/72c8c154e7295aac576e816190fd309f744ee342c793cb33e5ae05b593ed69ef?s=96&d=mm&r=g","contentUrl":"https:\/\/secure.gravatar.com\/avatar\/72c8c154e7295aac576e816190fd309f744ee342c793cb33e5ae05b593ed69ef?s=96&d=mm&r=g","caption":"Jacek"},"url":"https:\/\/www.jacekjurkiewicz.pl\/index.php\/author\/jacek\/"}]}},"_links":{"self":[{"href":"https:\/\/www.jacekjurkiewicz.pl\/index.php\/wp-json\/wp\/v2\/posts\/1171","targetHints":{"allow":["GET"]}}],"collection":[{"href":"https:\/\/www.jacekjurkiewicz.pl\/index.php\/wp-json\/wp\/v2\/posts"}],"about":[{"href":"https:\/\/www.jacekjurkiewicz.pl\/index.php\/wp-json\/wp\/v2\/types\/post"}],"author":[{"embeddable":true,"href":"https:\/\/www.jacekjurkiewicz.pl\/index.php\/wp-json\/wp\/v2\/users\/2"}],"replies":[{"embeddable":true,"href":"https:\/\/www.jacekjurkiewicz.pl\/index.php\/wp-json\/wp\/v2\/comments?post=1171"}],"version-history":[{"count":7,"href":"https:\/\/www.jacekjurkiewicz.pl\/index.php\/wp-json\/wp\/v2\/posts\/1171\/revisions"}],"predecessor-version":[{"id":1179,"href":"https:\/\/www.jacekjurkiewicz.pl\/index.php\/wp-json\/wp\/v2\/posts\/1171\/revisions\/1179"}],"wp:attachment":[{"href":"https:\/\/www.jacekjurkiewicz.pl\/index.php\/wp-json\/wp\/v2\/media?parent=1171"}],"wp:term":[{"taxonomy":"category","embeddable":true,"href":"https:\/\/www.jacekjurkiewicz.pl\/index.php\/wp-json\/wp\/v2\/categories?post=1171"},{"taxonomy":"post_tag","embeddable":true,"href":"https:\/\/www.jacekjurkiewicz.pl\/index.php\/wp-json\/wp\/v2\/tags?post=1171"}],"curies":[{"name":"wp","href":"https:\/\/api.w.org\/{rel}","templated":true}]}}